{"id":807,"date":"2014-02-05T17:51:54","date_gmt":"2014-02-05T16:51:54","guid":{"rendered":"http:\/\/www.gwa-altstadt.de\/?p=807"},"modified":"2014-09-19T11:19:07","modified_gmt":"2014-09-19T10:19:07","slug":"erstes-treffen-im-neuen-jahr-2","status":"publish","type":"post","link":"https:\/\/www.gwa-altstadt.de\/new\/2014\/02\/erstes-treffen-im-neuen-jahr-2\/","title":{"rendered":"Erstes Treffen im neuen Jahr"},"content":{"rendered":"<p>Am heutigen Mittwoch traf sich zum ersten Mal in diesem Jahr die GWA-Altstadt, um aktiv ins neue Jahr zu starten. Auf dem Plan stand neben einem R\u00fcckblick auf 2013 nat\u00fcrlich die Planung f\u00fcr 2014. Allerhand konnte bereits terminlich festgehalten werden. N\u00e4heres dazu finden Sie ab sofort unter der Rubrik Termine 2014. Wie immer sind alle Interessierte zu diesen Terminen herzlich eingeladen.<\/p>\n","protected":false},"excerpt":{"rendered":"<p>Am heutigen Mittwoch traf sich zum ersten Mal in diesem Jahr die GWA-Altstadt, um aktiv ins neue Jahr zu starten. Auf dem Plan stand neben einem R\u00fcckblick auf 2013 nat\u00fcrlich die Planung f\u00fcr 2014. Allerhand konnte bereits terminlich festgehalten werden. N\u00e4heres dazu finden Sie ab sofort unter der Rubrik Termine 2014. Wie immer sind alle [&hellip;]<\/p>\n","protected":false},"author":2,"featured_media":0,"comment_status":"closed","ping_status":"closed","sticky":false,"template":"","format":"standard","meta":{"footnotes":""},"categories":[1],"tags":[],"class_list":["post-807","post","type-post","status-publish","format-standard","hentry","category-allgemein"],"_links":{"self":[{"href":"https:\/\/www.gwa-altstadt.de\/new\/wp-json\/wp\/v2\/posts\/807","targetHints":{"allow":["GET"]}}],"collection":[{"href":"https:\/\/www.gwa-altstadt.de\/new\/wp-json\/wp\/v2\/posts"}],"about":[{"href":"https:\/\/www.gwa-altstadt.de\/new\/wp-json\/wp\/v2\/types\/post"}],"author":[{"embeddable":true,"href":"https:\/\/www.gwa-altstadt.de\/new\/wp-json\/wp\/v2\/users\/2"}],"replies":[{"embeddable":true,"href":"https:\/\/www.gwa-altstadt.de\/new\/wp-json\/wp\/v2\/comments?post=807"}],"version-history":[{"count":3,"href":"https:\/\/www.gwa-altstadt.de\/new\/wp-json\/wp\/v2\/posts\/807\/revisions"}],"predecessor-version":[{"id":809,"href":"https:\/\/www.gwa-altstadt.de\/new\/wp-json\/wp\/v2\/posts\/807\/revisions\/809"}],"wp:attachment":[{"href":"https:\/\/www.gwa-altstadt.de\/new\/wp-json\/wp\/v2\/media?parent=807"}],"wp:term":[{"taxonomy":"category","embeddable":true,"href":"https:\/\/www.gwa-altstadt.de\/new\/wp-json\/wp\/v2\/categories?post=807"},{"taxonomy":"post_tag","embeddable":true,"href":"https:\/\/www.gwa-altstadt.de\/new\/wp-json\/wp\/v2\/tags?post=807"}],"curies":[{"name":"wp","href":"https:\/\/api.w.org\/{rel}","templated":true}]}}