{"id":764,"date":"2013-07-26T17:24:20","date_gmt":"2013-07-26T16:24:20","guid":{"rendered":"http:\/\/www.gwa-altstadt.de\/?p=764"},"modified":"2013-07-26T17:24:20","modified_gmt":"2013-07-26T16:24:20","slug":"sommerpause","status":"publish","type":"post","link":"https:\/\/www.gwa-altstadt.de\/new\/2013\/07\/sommerpause\/","title":{"rendered":"Sommerpause"},"content":{"rendered":"<p>Die GWA-Altstadt verabschiedet sich in ihre Sommerpause und w\u00fcnscht allen Mitstreitern und Interessierten erholsame Urlaubstage. Wir sehen uns wieder am 04.09.2013 zu unserer n\u00e4chsten Zusammenkunft im Medientreff zone! An diesem Tag besteht letztmalig die Gelegenheit, Antr\u00e4ge f\u00fcr Gelder aus dem Initiativfonds zu stellen.<\/p>\n<p>Bis dahin alles Gute<br \/>\nIhr GWA-Altstadt Sprecherrat<\/p>\n","protected":false},"excerpt":{"rendered":"<p>Die GWA-Altstadt verabschiedet sich in ihre Sommerpause und w\u00fcnscht allen Mitstreitern und Interessierten erholsame Urlaubstage. Wir sehen uns wieder am 04.09.2013 zu unserer n\u00e4chsten Zusammenkunft im Medientreff zone! An diesem Tag besteht letztmalig die Gelegenheit, Antr\u00e4ge f\u00fcr Gelder aus dem Initiativfonds zu stellen. Bis dahin alles Gute Ihr GWA-Altstadt Sprecherrat<\/p>\n","protected":false},"author":2,"featured_media":0,"comment_status":"closed","ping_status":"closed","sticky":false,"template":"","format":"standard","meta":{"footnotes":""},"categories":[1],"tags":[],"class_list":["post-764","post","type-post","status-publish","format-standard","hentry","category-allgemein"],"_links":{"self":[{"href":"https:\/\/www.gwa-altstadt.de\/new\/wp-json\/wp\/v2\/posts\/764","targetHints":{"allow":["GET"]}}],"collection":[{"href":"https:\/\/www.gwa-altstadt.de\/new\/wp-json\/wp\/v2\/posts"}],"about":[{"href":"https:\/\/www.gwa-altstadt.de\/new\/wp-json\/wp\/v2\/types\/post"}],"author":[{"embeddable":true,"href":"https:\/\/www.gwa-altstadt.de\/new\/wp-json\/wp\/v2\/users\/2"}],"replies":[{"embeddable":true,"href":"https:\/\/www.gwa-altstadt.de\/new\/wp-json\/wp\/v2\/comments?post=764"}],"version-history":[{"count":1,"href":"https:\/\/www.gwa-altstadt.de\/new\/wp-json\/wp\/v2\/posts\/764\/revisions"}],"predecessor-version":[{"id":765,"href":"https:\/\/www.gwa-altstadt.de\/new\/wp-json\/wp\/v2\/posts\/764\/revisions\/765"}],"wp:attachment":[{"href":"https:\/\/www.gwa-altstadt.de\/new\/wp-json\/wp\/v2\/media?parent=764"}],"wp:term":[{"taxonomy":"category","embeddable":true,"href":"https:\/\/www.gwa-altstadt.de\/new\/wp-json\/wp\/v2\/categories?post=764"},{"taxonomy":"post_tag","embeddable":true,"href":"https:\/\/www.gwa-altstadt.de\/new\/wp-json\/wp\/v2\/tags?post=764"}],"curies":[{"name":"wp","href":"https:\/\/api.w.org\/{rel}","templated":true}]}}