{"id":1234,"date":"2017-02-06T13:59:47","date_gmt":"2017-02-06T12:59:47","guid":{"rendered":"http:\/\/www.gwa-altstadt.de\/?p=1234"},"modified":"2017-02-06T14:00:18","modified_gmt":"2017-02-06T13:00:18","slug":"gwa-briefkasten-zerstort","status":"publish","type":"post","link":"https:\/\/www.gwa-altstadt.de\/new\/2017\/02\/gwa-briefkasten-zerstort\/","title":{"rendered":"GWA-Briefkasten zerst\u00f6rt"},"content":{"rendered":"<p><a href=\"http:\/\/www.gwa-altstadt.de\/wordpress\/wp-content\/uploads\/zerst\u00f6rt01.jpg\" target=\"_blank\"><img loading=\"lazy\" decoding=\"async\" class=\"alignleft size-medium wp-image-1235\" alt=\"zerst\u00f6rt01\" src=\"http:\/\/www.gwa-altstadt.de\/wordpress\/wp-content\/uploads\/zerst\u00f6rt01-300x204.jpg\" width=\"212\" height=\"145\" srcset=\"https:\/\/www.gwa-altstadt.de\/wordpress\/wp-content\/uploads\/zerst\u00f6rt01-300x204.jpg 300w, https:\/\/www.gwa-altstadt.de\/wordpress\/wp-content\/uploads\/zerst\u00f6rt01-1024x699.jpg 1024w\" sizes=\"auto, (max-width: 212px) 100vw, 212px\" \/><\/a>Der Briefkasten der GWA-Altstadt ist leider von Unbekannten zerst\u00f6rt worden. Er war in Folge dessen nicht mehr abschlie\u00dfbar und musste von Aktiven der GWA-Altstadt demontiert werden.<br \/>\nUns stimmt es sehr traurig, dass ehrenamtliches Engagement in der Stadt derart missbilligt wird. <a href=\"http:\/\/www.gwa-altstadt.de\/wordpress\/wp-content\/uploads\/zerst\u00f6rt02.jpg\" target=\"_blank\"><img loading=\"lazy\" decoding=\"async\" class=\"size-medium wp-image-1236 alignright\" alt=\"zerst\u00f6rt02\" src=\"http:\/\/www.gwa-altstadt.de\/wordpress\/wp-content\/uploads\/zerst\u00f6rt02-300x208.jpg\" width=\"216\" height=\"149\" srcset=\"https:\/\/www.gwa-altstadt.de\/wordpress\/wp-content\/uploads\/zerst\u00f6rt02-300x208.jpg 300w, https:\/\/www.gwa-altstadt.de\/wordpress\/wp-content\/uploads\/zerst\u00f6rt02-1024x711.jpg 1024w\" sizes=\"auto, (max-width: 216px) 100vw, 216px\" \/><\/a>Der Briefkasten war erst im Sommer 2016 auf Initiative und Kosten von B\u00fcrgerinnen und B\u00fcrgern eingrichtet worden, um so den in der Altstadt Wohnenden die M\u00f6glichkeit zu geben, W\u00fcnsche oder Kritik zu \u00e4u\u00dfern und auf positive sowie negative Umst\u00e4nde in der Innenstadt Magdeburgs aufmerksam zu machen.<\/p>\n<p>Ob und wann ein neuer Briefkasten aufgeh\u00e4ngt wird, muss nun in der kommenden <strong>Versammlung der GWA-Altstadt am 07.02.2017<\/strong> diskutiert werden. Fest steht, dass daf\u00fcr erneut Gelder in die Hand genommen werden m\u00fcssen. Gelder, die dann anderen Angeboten f\u00fcr eine lebenswertere Innenstadt fehlen.<\/p>\n<p>&nbsp;<\/p>\n<p>&nbsp;<\/p>\n","protected":false},"excerpt":{"rendered":"<p>Der Briefkasten der GWA-Altstadt ist leider von Unbekannten zerst\u00f6rt worden. Er war in Folge dessen nicht mehr abschlie\u00dfbar und musste von Aktiven der GWA-Altstadt demontiert werden. Uns stimmt es sehr traurig, dass ehrenamtliches Engagement in der Stadt derart missbilligt wird. Der Briefkasten war erst im Sommer 2016 auf Initiative und Kosten von B\u00fcrgerinnen und B\u00fcrgern [&hellip;]<\/p>\n","protected":false},"author":2,"featured_media":0,"comment_status":"closed","ping_status":"closed","sticky":false,"template":"","format":"standard","meta":{"footnotes":""},"categories":[1],"tags":[],"class_list":["post-1234","post","type-post","status-publish","format-standard","hentry","category-allgemein"],"_links":{"self":[{"href":"https:\/\/www.gwa-altstadt.de\/new\/wp-json\/wp\/v2\/posts\/1234","targetHints":{"allow":["GET"]}}],"collection":[{"href":"https:\/\/www.gwa-altstadt.de\/new\/wp-json\/wp\/v2\/posts"}],"about":[{"href":"https:\/\/www.gwa-altstadt.de\/new\/wp-json\/wp\/v2\/types\/post"}],"author":[{"embeddable":true,"href":"https:\/\/www.gwa-altstadt.de\/new\/wp-json\/wp\/v2\/users\/2"}],"replies":[{"embeddable":true,"href":"https:\/\/www.gwa-altstadt.de\/new\/wp-json\/wp\/v2\/comments?post=1234"}],"version-history":[{"count":3,"href":"https:\/\/www.gwa-altstadt.de\/new\/wp-json\/wp\/v2\/posts\/1234\/revisions"}],"predecessor-version":[{"id":1239,"href":"https:\/\/www.gwa-altstadt.de\/new\/wp-json\/wp\/v2\/posts\/1234\/revisions\/1239"}],"wp:attachment":[{"href":"https:\/\/www.gwa-altstadt.de\/new\/wp-json\/wp\/v2\/media?parent=1234"}],"wp:term":[{"taxonomy":"category","embeddable":true,"href":"https:\/\/www.gwa-altstadt.de\/new\/wp-json\/wp\/v2\/categories?post=1234"},{"taxonomy":"post_tag","embeddable":true,"href":"https:\/\/www.gwa-altstadt.de\/new\/wp-json\/wp\/v2\/tags?post=1234"}],"curies":[{"name":"wp","href":"https:\/\/api.w.org\/{rel}","templated":true}]}}