{"id":1211,"date":"2016-08-16T13:20:18","date_gmt":"2016-08-16T12:20:18","guid":{"rendered":"http:\/\/www.gwa-altstadt.de\/?p=1211"},"modified":"2016-09-06T13:20:35","modified_gmt":"2016-09-06T12:20:35","slug":"gelungenes-sommerfest-bei-strahlendem-wetter","status":"publish","type":"post","link":"https:\/\/www.gwa-altstadt.de\/new\/2016\/08\/gelungenes-sommerfest-bei-strahlendem-wetter\/","title":{"rendered":"Gelungenes Sommerfest bei strahlendem Wetter"},"content":{"rendered":"<p>Am 12. August 2016 feierte die GWA-Altstadt ihr diesj\u00e4hriges Sommerfest. Daf\u00fcr konnten wir im Vitanas Demenz Centrum am Schleinufer den \u201cGarten der Sinne\u201d nutzen. F\u00fcr das leibliche Wohl war gesorgt. Die Teilnehmer wurden mit Gegrilltem und Erfrischungsgetr\u00e4nken versorgt. Gl\u00fccklicherweise spielte das Wetter mit und bescherte uns ertr\u00e4gliche Temperaturen. <a href=\"http:\/\/www.gwa-altstadt.de\/wordpress\/wp-content\/uploads\/20160812_161109.jpg\"><img loading=\"lazy\" decoding=\"async\" class=\"size-medium wp-image-1214 alignleft\" alt=\"20160812_161109\" src=\"http:\/\/www.gwa-altstadt.de\/wordpress\/wp-content\/uploads\/20160812_161109-300x168.jpg\" width=\"300\" height=\"168\" srcset=\"https:\/\/www.gwa-altstadt.de\/wordpress\/wp-content\/uploads\/20160812_161109-300x168.jpg 300w, https:\/\/www.gwa-altstadt.de\/wordpress\/wp-content\/uploads\/20160812_161109-1024x576.jpg 1024w\" sizes=\"auto, (max-width: 300px) 100vw, 300px\" \/><\/a> Auch dass es kurz regnete, hat der Stimmung keinen Abbruch getan. Denn f\u00fcr gute Laune sorgte nicht zuletzt das kulturelle Rahmenprogramm mit dem angehenden Jungmusiker Noah Benedikt. Er unterhielt uns mit einem tollen Musik-Mix aus dem Saxophon. Sp\u00e4ter kamen auch Lyrik-Freunde auf ihre Kosten. Herbert Beesten war zu Gast und gab auch dieses Jahr wieder einige seiner Texte zum Besten. Eine ganz interessante Besonderheit in diesem Jahr war, dass das Repair Caf\u00e9 Magdeburg dabei war. Das konnten die Besucher unseres Festes nutzen, um defekte Dinge mitzubringen und reparieren zu lassen. <a href=\"http:\/\/www.gwa-altstadt.de\/wordpress\/wp-content\/uploads\/20160812_163104.jpg\"><img loading=\"lazy\" decoding=\"async\" class=\"size-medium wp-image-1212 alignright\" alt=\"20160812_163104\" src=\"http:\/\/www.gwa-altstadt.de\/wordpress\/wp-content\/uploads\/20160812_163104-300x168.jpg\" width=\"300\" height=\"168\" srcset=\"https:\/\/www.gwa-altstadt.de\/wordpress\/wp-content\/uploads\/20160812_163104-300x168.jpg 300w, https:\/\/www.gwa-altstadt.de\/wordpress\/wp-content\/uploads\/20160812_163104-1024x576.jpg 1024w\" sizes=\"auto, (max-width: 300px) 100vw, 300px\" \/><\/a>Wir hatten viel Spa\u00df und zahlreiche interessante Unterhaltungen. So konnten unsere G\u00e4ste die Gelegenheit nutzen, um mit den Landtagsabgeordneten Tobias Krull und Dr. Falko Grube und der Stadtr\u00e4tin Helga Boeck ins Gespr\u00e4ch zu kommen. Wir bedanken uns recht herzlich beim Vitanas Demenz Centrum f\u00fcr die freundliche Unterst\u00fctzung und die Bereitstellung des Gel\u00e4ndes.<\/p>\n","protected":false},"excerpt":{"rendered":"<p>Am 12. August 2016 feierte die GWA-Altstadt ihr diesj\u00e4hriges Sommerfest. Daf\u00fcr konnten wir im Vitanas Demenz Centrum am Schleinufer den \u201cGarten der Sinne\u201d nutzen. F\u00fcr das leibliche Wohl war gesorgt. Die Teilnehmer wurden mit Gegrilltem und Erfrischungsgetr\u00e4nken versorgt. Gl\u00fccklicherweise spielte das Wetter mit und bescherte uns ertr\u00e4gliche Temperaturen. Auch dass es kurz regnete, hat der [&hellip;]<\/p>\n","protected":false},"author":2,"featured_media":0,"comment_status":"closed","ping_status":"closed","sticky":false,"template":"","format":"standard","meta":{"footnotes":""},"categories":[1],"tags":[],"class_list":["post-1211","post","type-post","status-publish","format-standard","hentry","category-allgemein"],"_links":{"self":[{"href":"https:\/\/www.gwa-altstadt.de\/new\/wp-json\/wp\/v2\/posts\/1211","targetHints":{"allow":["GET"]}}],"collection":[{"href":"https:\/\/www.gwa-altstadt.de\/new\/wp-json\/wp\/v2\/posts"}],"about":[{"href":"https:\/\/www.gwa-altstadt.de\/new\/wp-json\/wp\/v2\/types\/post"}],"author":[{"embeddable":true,"href":"https:\/\/www.gwa-altstadt.de\/new\/wp-json\/wp\/v2\/users\/2"}],"replies":[{"embeddable":true,"href":"https:\/\/www.gwa-altstadt.de\/new\/wp-json\/wp\/v2\/comments?post=1211"}],"version-history":[{"count":2,"href":"https:\/\/www.gwa-altstadt.de\/new\/wp-json\/wp\/v2\/posts\/1211\/revisions"}],"predecessor-version":[{"id":1216,"href":"https:\/\/www.gwa-altstadt.de\/new\/wp-json\/wp\/v2\/posts\/1211\/revisions\/1216"}],"wp:attachment":[{"href":"https:\/\/www.gwa-altstadt.de\/new\/wp-json\/wp\/v2\/media?parent=1211"}],"wp:term":[{"taxonomy":"category","embeddable":true,"href":"https:\/\/www.gwa-altstadt.de\/new\/wp-json\/wp\/v2\/categories?post=1211"},{"taxonomy":"post_tag","embeddable":true,"href":"https:\/\/www.gwa-altstadt.de\/new\/wp-json\/wp\/v2\/tags?post=1211"}],"curies":[{"name":"wp","href":"https:\/\/api.w.org\/{rel}","templated":true}]}}