{"id":1196,"date":"2016-06-10T08:59:41","date_gmt":"2016-06-10T07:59:41","guid":{"rendered":"http:\/\/www.gwa-altstadt.de\/?p=1196"},"modified":"2016-06-10T09:03:03","modified_gmt":"2016-06-10T08:03:03","slug":"neuer-briefkasten-fur-altstadterinnen","status":"publish","type":"post","link":"https:\/\/www.gwa-altstadt.de\/new\/2016\/06\/neuer-briefkasten-fur-altstadterinnen\/","title":{"rendered":"Neuer Briefkasten f\u00fcr Altst\u00e4dterInnen"},"content":{"rendered":"<p>Im Rahmen des Kuchenbaumfestes der GWA-Altstadt wurde ein Briefkasten angeh\u00e4ngt und eingeweiht. Hier haben nun B\u00fcrgerinnen und B\u00fcrger jederzeit die M\u00f6glichkeit, Fragen, Anregungen aber auch Kritik loszuwerden. Aktive der GWA-Altstadt leeren den\u00a0 Kasten regelm\u00e4\u00dfig und beraten die Themen auf den regul\u00e4ren GWA-Treffen.<\/p>\n<p><a href=\"http:\/\/www.gwa-altstadt.de\/wordpress\/wp-content\/uploads\/20160607_164627.jpg\" target=\"_blank\"><img loading=\"lazy\" decoding=\"async\" class=\"alignnone size-medium wp-image-1197\" alt=\"20160607_164627\" src=\"http:\/\/www.gwa-altstadt.de\/wordpress\/wp-content\/uploads\/20160607_164627-300x168.jpg\" width=\"300\" height=\"168\" srcset=\"https:\/\/www.gwa-altstadt.de\/wordpress\/wp-content\/uploads\/20160607_164627-300x168.jpg 300w, https:\/\/www.gwa-altstadt.de\/wordpress\/wp-content\/uploads\/20160607_164627-1024x576.jpg 1024w\" sizes=\"auto, (max-width: 300px) 100vw, 300px\" \/><\/a><\/p>\n<p>&#8222;Wir freuen uns nun einen Weg gefunden zu haben, mit dem uns die Menschen der Altstadt auch unabh\u00e4ngig von E-Mail und Telefon erreichen k\u00f6nnen. So erhoffen wir uns noch mehr Anregungen f\u00fcr unsere Arbeit und damit ein noch besseres Lebensumfeld in der Innenstadt&#8220;, <a href=\"http:\/\/www.gwa-altstadt.de\/wordpress\/wp-content\/uploads\/20160607_165536.jpg\" target=\"_blank\"><img loading=\"lazy\" decoding=\"async\" class=\"size-medium wp-image-1198 alignleft\" alt=\"20160607_165536\" src=\"http:\/\/www.gwa-altstadt.de\/wordpress\/wp-content\/uploads\/20160607_165536-300x168.jpg\" width=\"300\" height=\"168\" srcset=\"https:\/\/www.gwa-altstadt.de\/wordpress\/wp-content\/uploads\/20160607_165536-300x168.jpg 300w, https:\/\/www.gwa-altstadt.de\/wordpress\/wp-content\/uploads\/20160607_165536-1024x576.jpg 1024w\" sizes=\"auto, (max-width: 300px) 100vw, 300px\" \/><\/a>freut sich Detlef Fritsch, Aktiver der GWA-Altstadt. Er hatte sich um die Bereitstellung und Anbringung des Briefkastens gek\u00fcmmert, wof\u00fcr sich die GWA-Alstadt noch einmal herzlich bedanken m\u00f6chte!<\/p>\n<p>Im Rahmen des Kuchenbaumfestes fand wie immer auch die GWA-Banksprechstunde statt. Hier wurde unter anderem von B\u00fcrgerinnen und B\u00fcrgern angesprochen, dass die Pflanzen im Rosengarten nicht oder kaum gegossen w\u00fcrden und es schade w\u00e4re, wenn der neu angelegte Garten nun vertrocknet.<br \/>\nTats\u00e4chlich haben wir uns am 07.06.2016 selbst vom Zustand des Gartens \u00fcberzeugt und fanden vertrocknete Erde und verk\u00fcmmerte Rosen vor.<\/p>\n<p><a href=\"http:\/\/www.gwa-altstadt.de\/wordpress\/wp-content\/uploads\/20160607_172349.jpg\" target=\"_blank\"><img loading=\"lazy\" decoding=\"async\" class=\"alignnone size-medium wp-image-1200\" alt=\"20160607_172349\" src=\"http:\/\/www.gwa-altstadt.de\/wordpress\/wp-content\/uploads\/20160607_172349-300x168.jpg\" width=\"300\" height=\"168\" srcset=\"https:\/\/www.gwa-altstadt.de\/wordpress\/wp-content\/uploads\/20160607_172349-300x168.jpg 300w, https:\/\/www.gwa-altstadt.de\/wordpress\/wp-content\/uploads\/20160607_172349-1024x576.jpg 1024w\" sizes=\"auto, (max-width: 300px) 100vw, 300px\" \/><\/a><a href=\"http:\/\/www.gwa-altstadt.de\/wordpress\/wp-content\/uploads\/20160607_172405.jpg\"><img loading=\"lazy\" decoding=\"async\" class=\"size-medium wp-image-1201 alignright\" alt=\"20160607_172405\" src=\"http:\/\/www.gwa-altstadt.de\/wordpress\/wp-content\/uploads\/20160607_172405-300x168.jpg\" width=\"300\" height=\"168\" srcset=\"https:\/\/www.gwa-altstadt.de\/wordpress\/wp-content\/uploads\/20160607_172405-300x168.jpg 300w, https:\/\/www.gwa-altstadt.de\/wordpress\/wp-content\/uploads\/20160607_172405-1024x576.jpg 1024w\" sizes=\"auto, (max-width: 300px) 100vw, 300px\" \/><\/a><\/p>\n<p>Vielleicht k\u00f6nnte hier das Stadtgarten- und Friedhofsamt, dass eine Firma mit der Pflege des Rosengartens beauftragt hat, noch einmal nachhaken.<\/p>\n<p>Au\u00dferdem wurde angesprochen, dass einige B\u00e4nke in der Jako<a href=\"http:\/\/www.gwa-altstadt.de\/wordpress\/wp-content\/uploads\/20160607_171902.jpg\" target=\"_blank\"><img loading=\"lazy\" decoding=\"async\" class=\"size-medium wp-image-1199 alignright\" alt=\"20160607_171902\" src=\"http:\/\/www.gwa-altstadt.de\/wordpress\/wp-content\/uploads\/20160607_171902-300x168.jpg\" width=\"300\" height=\"168\" srcset=\"https:\/\/www.gwa-altstadt.de\/wordpress\/wp-content\/uploads\/20160607_171902-300x168.jpg 300w, https:\/\/www.gwa-altstadt.de\/wordpress\/wp-content\/uploads\/20160607_171902-1024x576.jpg 1024w\" sizes=\"auto, (max-width: 300px) 100vw, 300px\" \/><\/a>bstra\u00dfe f\u00fcr \u00e4ltere Menschen nicht mehr zum Sitzen geeignet w\u00e4ren. Die B\u00e4nke w\u00e4ren nach vielen Jahren der Nutzung in den Boden eingesackt und damit zu tief. Seniorinnen und Senioren k\u00e4men vom Sitzen nicht wieder eigenst\u00e4ndig zum Stehen. Auch hier wird sich die GWA-Altstadt darum k\u00fcmmern, dass Abhilfe geschaffen wird.<\/p>\n<p>Sollten Sie \u00e4hnliche Beobachtungen machen oder andere Anliegen haben, dann schreiben Sie uns gern an info@gwa-altstadt.de oder nutzen Sie unseren neuen Briefkasten an der GWA-Bank in der Jakobstra\u00dfe in der N\u00e4he des Rathauses.<\/p>\n<p>Wir w\u00fcnschen allen Altst\u00e4dtern und Altst\u00e4dterinnen eine sch\u00f6ne Sommerpause und sehen uns am 02.08.2016 zum Treffen im Vitanas Senioren Centrum wieder.<\/p>\n<p>Ihr GWA-Altstadt Sprecherrat<\/p>\n","protected":false},"excerpt":{"rendered":"<p>Im Rahmen des Kuchenbaumfestes der GWA-Altstadt wurde ein Briefkasten angeh\u00e4ngt und eingeweiht. Hier haben nun B\u00fcrgerinnen und B\u00fcrger jederzeit die M\u00f6glichkeit, Fragen, Anregungen aber auch Kritik loszuwerden. Aktive der GWA-Altstadt leeren den\u00a0 Kasten regelm\u00e4\u00dfig und beraten die Themen auf den regul\u00e4ren GWA-Treffen. &#8222;Wir freuen uns nun einen Weg gefunden zu haben, mit dem uns die [&hellip;]<\/p>\n","protected":false},"author":2,"featured_media":0,"comment_status":"closed","ping_status":"closed","sticky":false,"template":"","format":"standard","meta":{"footnotes":""},"categories":[1],"tags":[],"class_list":["post-1196","post","type-post","status-publish","format-standard","hentry","category-allgemein"],"_links":{"self":[{"href":"https:\/\/www.gwa-altstadt.de\/new\/wp-json\/wp\/v2\/posts\/1196","targetHints":{"allow":["GET"]}}],"collection":[{"href":"https:\/\/www.gwa-altstadt.de\/new\/wp-json\/wp\/v2\/posts"}],"about":[{"href":"https:\/\/www.gwa-altstadt.de\/new\/wp-json\/wp\/v2\/types\/post"}],"author":[{"embeddable":true,"href":"https:\/\/www.gwa-altstadt.de\/new\/wp-json\/wp\/v2\/users\/2"}],"replies":[{"embeddable":true,"href":"https:\/\/www.gwa-altstadt.de\/new\/wp-json\/wp\/v2\/comments?post=1196"}],"version-history":[{"count":5,"href":"https:\/\/www.gwa-altstadt.de\/new\/wp-json\/wp\/v2\/posts\/1196\/revisions"}],"predecessor-version":[{"id":1206,"href":"https:\/\/www.gwa-altstadt.de\/new\/wp-json\/wp\/v2\/posts\/1196\/revisions\/1206"}],"wp:attachment":[{"href":"https:\/\/www.gwa-altstadt.de\/new\/wp-json\/wp\/v2\/media?parent=1196"}],"wp:term":[{"taxonomy":"category","embeddable":true,"href":"https:\/\/www.gwa-altstadt.de\/new\/wp-json\/wp\/v2\/categories?post=1196"},{"taxonomy":"post_tag","embeddable":true,"href":"https:\/\/www.gwa-altstadt.de\/new\/wp-json\/wp\/v2\/tags?post=1196"}],"curies":[{"name":"wp","href":"https:\/\/api.w.org\/{rel}","templated":true}]}}