{"id":1140,"date":"2016-02-23T12:33:35","date_gmt":"2016-02-23T11:33:35","guid":{"rendered":"http:\/\/www.gwa-altstadt.de\/?p=1140"},"modified":"2016-02-23T12:34:33","modified_gmt":"2016-02-23T11:34:33","slug":"magdeburg-ursturban-ein-freiraumprojekt-in-der-innenstadt","status":"publish","type":"post","link":"https:\/\/www.gwa-altstadt.de\/new\/2016\/02\/magdeburg-ursturban-ein-freiraumprojekt-in-der-innenstadt\/","title":{"rendered":"Magdeburg UrstUrban &#8211; ein Freiraumprojekt in der Innenstadt"},"content":{"rendered":"<div id=\"cc-m-6460890281\">\n<p>Ein leeres Ladengesch\u00e4ft auf dem Nordabschnitt verwandelt sich vom 27.02.2016 bis 26.03.2016 in einen Freiraum. Hier kann sich jede und jeder einfach aufhalten, Angebote wahnehmen oder sogar selbst gestalten. Junge und alte Altst\u00e4dterinnen und Altst\u00e4dter, aber auch Bewoherinnen und Bewohner aus anderen Stadtteilen sind herzlich eingeladen, in den Breiten Weg 31 zu kommen und den Freiraum zu nutzen.<\/p>\n<p><a href=\"http:\/\/www.gwa-altstadt.de\/wordpress\/wp-content\/uploads\/Urst.jpg\"><img loading=\"lazy\" decoding=\"async\" class=\"size-medium wp-image-1141 alignleft\" alt=\"Urst\" src=\"http:\/\/www.gwa-altstadt.de\/wordpress\/wp-content\/uploads\/Urst-300x300.jpg\" width=\"282\" height=\"282\" srcset=\"https:\/\/www.gwa-altstadt.de\/wordpress\/wp-content\/uploads\/Urst-300x300.jpg 300w, https:\/\/www.gwa-altstadt.de\/wordpress\/wp-content\/uploads\/Urst-150x150.jpg 150w, https:\/\/www.gwa-altstadt.de\/wordpress\/wp-content\/uploads\/Urst.jpg 326w\" sizes=\"auto, (max-width: 282px) 100vw, 282px\" \/><\/a>Auch die GWA-Altstadt unterst\u00fctzt das Projekt von Miriam Nessler mit Mitteln aus dem Initiativfond. Einzelne Aktive f\u00fchren auch Angebote vor Ort durch. So wird der Medientreff zone! am 17.03.2016 in der Zeit von 14.30 Uhr bis 17 Uhr Legofilme drehen. Mitstreiter der IG altes Magdeburg nehmen ebenfalls teil und organisieren Ausstellungen.<br \/>\nDie GWA-Altstadt freut sich schon jetzt auf die bevorstehenden Veranstaltungen und l\u00e4d im Namen der Projektorganisatorin alle B\u00fcrgerinnen und B\u00fcrger herzlich ein, sich einfach mal den Freir\u00e4umen zu n\u00e4hern.<\/p>\n<\/div>\n","protected":false},"excerpt":{"rendered":"<p>Ein leeres Ladengesch\u00e4ft auf dem Nordabschnitt verwandelt sich vom 27.02.2016 bis 26.03.2016 in einen Freiraum. Hier kann sich jede und jeder einfach aufhalten, Angebote wahnehmen oder sogar selbst gestalten. Junge und alte Altst\u00e4dterinnen und Altst\u00e4dter, aber auch Bewoherinnen und Bewohner aus anderen Stadtteilen sind herzlich eingeladen, in den Breiten Weg 31 zu kommen und den [&hellip;]<\/p>\n","protected":false},"author":2,"featured_media":0,"comment_status":"closed","ping_status":"closed","sticky":false,"template":"","format":"standard","meta":{"footnotes":""},"categories":[1],"tags":[],"class_list":["post-1140","post","type-post","status-publish","format-standard","hentry","category-allgemein"],"_links":{"self":[{"href":"https:\/\/www.gwa-altstadt.de\/new\/wp-json\/wp\/v2\/posts\/1140","targetHints":{"allow":["GET"]}}],"collection":[{"href":"https:\/\/www.gwa-altstadt.de\/new\/wp-json\/wp\/v2\/posts"}],"about":[{"href":"https:\/\/www.gwa-altstadt.de\/new\/wp-json\/wp\/v2\/types\/post"}],"author":[{"embeddable":true,"href":"https:\/\/www.gwa-altstadt.de\/new\/wp-json\/wp\/v2\/users\/2"}],"replies":[{"embeddable":true,"href":"https:\/\/www.gwa-altstadt.de\/new\/wp-json\/wp\/v2\/comments?post=1140"}],"version-history":[{"count":3,"href":"https:\/\/www.gwa-altstadt.de\/new\/wp-json\/wp\/v2\/posts\/1140\/revisions"}],"predecessor-version":[{"id":1144,"href":"https:\/\/www.gwa-altstadt.de\/new\/wp-json\/wp\/v2\/posts\/1140\/revisions\/1144"}],"wp:attachment":[{"href":"https:\/\/www.gwa-altstadt.de\/new\/wp-json\/wp\/v2\/media?parent=1140"}],"wp:term":[{"taxonomy":"category","embeddable":true,"href":"https:\/\/www.gwa-altstadt.de\/new\/wp-json\/wp\/v2\/categories?post=1140"},{"taxonomy":"post_tag","embeddable":true,"href":"https:\/\/www.gwa-altstadt.de\/new\/wp-json\/wp\/v2\/tags?post=1140"}],"curies":[{"name":"wp","href":"https:\/\/api.w.org\/{rel}","templated":true}]}}